{"id":1086,"date":"2023-08-29T10:20:33","date_gmt":"2023-08-29T09:20:33","guid":{"rendered":"http:\/\/www.francois-roddier.fr\/?p=1086"},"modified":"2024-03-31T14:20:40","modified_gmt":"2024-03-31T13:20:40","slug":"1086","status":"publish","type":"post","link":"https:\/\/www.francois-roddier.fr\/?p=1086","title":{"rendered":""},"content":{"rendered":"<p><a href=\"http:\/\/www.francois-roddier.fr\/wp-content\/uploads\/2023\/08\/131202_Roddier-CNAM_JP-Bois.jpg\"><img loading=\"lazy\" decoding=\"async\" class=\"aligncenter size-large wp-image-1093\" src=\"http:\/\/www.francois-roddier.fr\/wp-content\/uploads\/2023\/08\/131202_Roddier-CNAM_JP-Bois-1024x335.jpg\" alt=\"\" width=\"604\" height=\"198\" srcset=\"https:\/\/www.francois-roddier.fr\/wp-content\/uploads\/2023\/08\/131202_Roddier-CNAM_JP-Bois-1024x335.jpg 1024w, https:\/\/www.francois-roddier.fr\/wp-content\/uploads\/2023\/08\/131202_Roddier-CNAM_JP-Bois-300x98.jpg 300w, https:\/\/www.francois-roddier.fr\/wp-content\/uploads\/2023\/08\/131202_Roddier-CNAM_JP-Bois-768x251.jpg 768w, https:\/\/www.francois-roddier.fr\/wp-content\/uploads\/2023\/08\/131202_Roddier-CNAM_JP-Bois-1536x503.jpg 1536w, https:\/\/www.francois-roddier.fr\/wp-content\/uploads\/2023\/08\/131202_Roddier-CNAM_JP-Bois.jpg 1805w\" sizes=\"auto, (max-width: 604px) 100vw, 604px\" \/><\/a>Photo \u00a9 Jean-Paul Bois, Conservatoire national des arts et m\u00e9tiers, 02.12.2013<\/p>\n<p>Aux lecteurs de Fran\u00e7ois.<\/p>\n<p>Il nous a quitt\u00e9s en ce mois d\u2019ao\u00fbt. Je vous remercie de l\u2019int\u00e9r\u00eat que vous avez port\u00e9 \u00e0 ses travaux, et \u00e0 travers lequel, en le (re)lisant, vous continuez \u00e0 le faire vivre. S\u2019il a marqu\u00e9 par sa recherche en astronomie et son lien avec ses \u00e9tudiants, ses ann\u00e9es de retraite ont \u00e9t\u00e9 enrichies par les lectures et r\u00e9flexions inscrites sur ce site au fur et \u00e0 mesure qu\u2019il les \u00e9laborait.<\/p>\n<p>Je d\u00e9pose ci-dessous quelques liens aux pr\u00e9sentations disponibles dans lesquelles il a r\u00e9sum\u00e9 sa pens\u00e9e post-retraite. D\u2019autres liens, pdf, et autres documents sont pr\u00e9sents dans les billets m\u00eames.<\/p>\n<p>Claude Roddier<\/p>\n<p>&#8212;&#8212;&#8212;&#8212;&#8212;&#8212;&#8212;&#8211;<\/p>\n<p>Quelques conf\u00e9rences qui existent sur YouTube:<br \/>\n<a href=\"https:\/\/www.youtube.com\/watch?v=6lNz5vmKEFA\">La thermodynamique de l&rsquo;\u00e9volution : du Big Bang aux sciences humaines<\/a> (Institut d\u2019Astrophysique de Paris, 5 octobre 2010) 90&prime;<br \/>\n<a href=\"https:\/\/www.youtube.com\/watch?v=5-qap1cQhGA&amp;t=3975s\">La thermodynamique des transitions \u00e9conomiques<\/a> (Shift Project, 12 mars 2015), 77&prime;<br \/>\n<a href=\"https:\/\/www.youtube.com\/watch?v=H7ErDjEOogg\">Thermodynamique et \u00e9volution<\/a> (Observatoire Midi-Pyr\u00e9n\u00e9es, 19 septembre 2017), 74&prime;<br \/>\n<a href=\"https:\/\/www.youtube.com\/watch?v=7eBSHsZvSmg\">Thermodynamique et \u00e9conomie<\/a> (\u00c9cole des Mines Paris Tech, 12 avril 2018), 30&prime;<\/p>\n<p>Ces trois articles disponibles en ligne publi\u00e9s dans la revue <em>Res-Systemica<\/em> de l\u2019AFSCET:<br \/>\n<a href=\"http:\/\/www.res-systemica.org\/afscet\/resSystemica\/vol12-msc\/res-systemica-vol-12-art-03.pdf\">\u00ab\u00a0Thermodynamique et e\u0301conomie, Des sciences exactes aux sciences humaines\u00a0\u00bb<\/a> (2014)<br \/>\n<a href=\"http:\/\/www.res-systemica.org\/afscet\/resSystemica\/vol14-oct2015\/res-systemica-vol-14-art-01.pdf\">\u00ab\u00a0La thermodynamique des transitions e\u0301conomiques\u00a0\u00bb<\/a> (2015)<br \/>\n<a href=\"http:\/\/www.res-systemica.org\/afscet\/resSystemica\/vol16-printemps2017\/res-systemica-vol-16-art-02.pdf\">\u00ab\u00a0L&rsquo;e\u0301quation de van der Waals applique\u0301e a\u0300 l\u2019e\u0301conomie\u00a0\u00bb<\/a> (2017)<\/p>\n<p>Ses chapitres publi\u00e9s dans ces collections:<br \/>\nSous la direction de Pablo Servigne et Rapha\u00ebl Stevens, <em><a href=\"http:\/\/www.editionslesliensquiliberent.fr\/livre-Aux_origines_de_la_catastrophe-9791020908346-1-1-0-1.html\">Aux origines de la catastrophe: Pourquoi en sommes-nous arriv\u00e9s l\u00e0 ?<\/a><\/em> (Les liens qui lib\u00e8rent, 2020)<br \/>\nSous la directions d&rsquo;Agn\u00e8s Sina\u00ef et Mathilde Szuba, <em><a href=\"https:\/\/www.pressesdesciencespo.fr\/fr\/book\/?GCOI=27246100080310\">Politiques de l\u2019Anthropoc\u00e8ne: Penser la d\u00e9croissance. \u00c9conomie de l&rsquo;apr\u00e8s-croissance. Gouverner la d\u00e9croissance<\/a><\/em> (Les Presses de Sciences-Po, 2021)<\/p>\n<p>Ses livres sur la thermodynamique, disponibles aux <a href=\"https:\/\/www.editionsparole.fr\/categorie-produit\/auteurs\/roddier-francois\/\">\u00e9ditions Parole<\/a>:<br \/>\n<em>Le pain, le levain, et les g\u00e8nes<\/em> (2007)<br \/>\n<em>Thermodynamique de l\u2019\u00e9volution: un essai de thermo-bio-sociologie<\/em> (2012)<br \/>\n<em>De la thermodynamique \u00e0 l\u2019\u00e9conomie<\/em> (2018)<br \/>\n<em>The Thermodynamics of Evolution<\/em>, trans. Steve Ridgway (2020)<\/p>\n<p>et cet article r\u00e9cent en anglais, co-\u00e9crit avec Mireille Roddier qui r\u00e9pondait \u00e0 la question de Didier Pillet, \u00ab Alors que l\u2019acc\u00e8s \u00e0 l\u2019\u00e9nergie se restreint, l\u2019\u00e9conomie mondiale est-elle \u00e0 la veille d\u2019un changement syst\u00e9mique ? \u00bb:<br \/>\n<a href=\"https:\/\/www.annales.org\/re\/2023\/resumes\/juillet\/03-re-resum-FR-AN-juillet-2023.html\">\u00ab\u00a0Energy flows and the self-organization of societies as dissipative structures\u00a0\u00bb<\/a> (Annales des Mines, 2023)<\/p>\n<p>ainsi que ce bel article de Matthieu Auzanneau dans <em>Le Monde<\/em>, lors de la parution de <em>Thermodynamique de l\u2019\u00e9volution<\/em>:<br \/>\n<a href=\"https:\/\/www.lemonde.fr\/blog\/petrole\/2013\/10\/30\/francois-roddier-par-dela-leffet-de-la-reine-rouge\/\">\u00ab\u00a0Fran\u00e7ois Roddier par-del\u00e0 l\u2019effet de la Reine Rouge\u201d<\/a> (<em>Le Monde<\/em>, 30.10.2013)<\/p>\n<p>(Pour ceux que l\u2019astrophysique int\u00e9resse, voir plut\u00f4t <a href=\"https:\/\/ui.adsabs.harvard.edu\/search\/filter_database_fq_database=OR&amp;filter_database_fq_database=database%3A%22astronomy%22&amp;format=SHORT&amp;fq=%7B!type%3Daqp%20v%3D%24fq_database%7D&amp;fq_database=(database%3A%22astronomy%22)&amp;q=author%3A(%22Roddier%2C%20Francois%22)&amp;sort=score%20desc%2C%20bibcode%20desc&amp;unprocessed_parameter=qform&amp;p_=0\">ici<\/a>.)<\/p>\n","protected":false},"excerpt":{"rendered":"<p>Photo \u00a9 Jean-Paul Bois, Conservatoire national des arts et m\u00e9tiers, 02.12.2013 Aux lecteurs de Fran\u00e7ois. Il nous a quitt\u00e9s en ce mois d\u2019ao\u00fbt. Je vous remercie de l\u2019int\u00e9r\u00eat que vous avez port\u00e9 \u00e0 ses travaux, et \u00e0 travers lequel, en le (re)lisant, vous continuez \u00e0 le faire vivre. S\u2019il a marqu\u00e9 par sa recherche en &hellip; <a href=\"https:\/\/www.francois-roddier.fr\/?p=1086\" class=\"more-link\">Continuer la lecture de <span class=\"screen-reader-text\"><\/span> <span class=\"meta-nav\">&rarr;<\/span><\/a><\/p>\n","protected":false},"author":664,"featured_media":0,"comment_status":"closed","ping_status":"closed","sticky":false,"template":"","format":"standard","meta":{"footnotes":""},"categories":[1],"tags":[],"class_list":["post-1086","post","type-post","status-publish","format-standard","hentry","category-non-classe"],"_links":{"self":[{"href":"https:\/\/www.francois-roddier.fr\/index.php?rest_route=\/wp\/v2\/posts\/1086","targetHints":{"allow":["GET"]}}],"collection":[{"href":"https:\/\/www.francois-roddier.fr\/index.php?rest_route=\/wp\/v2\/posts"}],"about":[{"href":"https:\/\/www.francois-roddier.fr\/index.php?rest_route=\/wp\/v2\/types\/post"}],"author":[{"embeddable":true,"href":"https:\/\/www.francois-roddier.fr\/index.php?rest_route=\/wp\/v2\/users\/664"}],"replies":[{"embeddable":true,"href":"https:\/\/www.francois-roddier.fr\/index.php?rest_route=%2Fwp%2Fv2%2Fcomments&post=1086"}],"version-history":[{"count":7,"href":"https:\/\/www.francois-roddier.fr\/index.php?rest_route=\/wp\/v2\/posts\/1086\/revisions"}],"predecessor-version":[{"id":1095,"href":"https:\/\/www.francois-roddier.fr\/index.php?rest_route=\/wp\/v2\/posts\/1086\/revisions\/1095"}],"wp:attachment":[{"href":"https:\/\/www.francois-roddier.fr\/index.php?rest_route=%2Fwp%2Fv2%2Fmedia&parent=1086"}],"wp:term":[{"taxonomy":"category","embeddable":true,"href":"https:\/\/www.francois-roddier.fr\/index.php?rest_route=%2Fwp%2Fv2%2Fcategories&post=1086"},{"taxonomy":"post_tag","embeddable":true,"href":"https:\/\/www.francois-roddier.fr\/index.php?rest_route=%2Fwp%2Fv2%2Ftags&post=1086"}],"curies":[{"name":"wp","href":"https:\/\/api.w.org\/{rel}","templated":true}]}}