{"id":229,"date":"2012-04-18T19:08:10","date_gmt":"2012-04-18T18:08:10","guid":{"rendered":"http:\/\/www.francois-roddier.fr\/wordpress\/?p=229"},"modified":"2014-11-26T23:00:12","modified_gmt":"2014-11-26T22:00:12","slug":"38-interventions-locales","status":"publish","type":"post","link":"https:\/\/www.francois-roddier.fr\/?p=229","title":{"rendered":"38 &#8211; Interventions locales"},"content":{"rendered":"<p>J\u2019interviendrai avec Vincent Cheynet dans la Conf\u00e9rence-d\u00e9bat sur le th\u00e8me de la d\u00e9croissance, qui se tiendra le samedi 19 mai \u00e0 19h \u00e0 La Seyne-sur-mer (Salle Apollinaire).<\/p>\n<p>Je donnerai \u00e9galement une conf\u00e9rence le dimanche 27 mai \u00e0 13h \u00e0 la foire de Signes (salle des \u00e9coles) sur le th\u00e8me: \u00ab Le d\u00e9veloppement durable est-il un mythe? \u00bb.<\/p>\n","protected":false},"excerpt":{"rendered":"<p>J\u2019interviendrai avec Vincent Cheynet dans la Conf\u00e9rence-d\u00e9bat sur le th\u00e8me de la d\u00e9croissance, qui se tiendra le samedi 19 mai \u00e0 19h \u00e0 La Seyne-sur-mer (Salle Apollinaire). Je donnerai \u00e9galement une conf\u00e9rence le dimanche 27 mai \u00e0 13h \u00e0 la foire de Signes (salle des \u00e9coles) sur le th\u00e8me: \u00ab Le d\u00e9veloppement durable est-il un &hellip; <a href=\"https:\/\/www.francois-roddier.fr\/?p=229\" class=\"more-link\">Continuer la lecture de <span class=\"screen-reader-text\">38 &#8211; Interventions locales<\/span> <span class=\"meta-nav\">&rarr;<\/span><\/a><\/p>\n","protected":false},"author":1,"featured_media":0,"comment_status":"open","ping_status":"open","sticky":false,"template":"","format":"standard","meta":{"footnotes":""},"categories":[],"tags":[],"class_list":["post-229","post","type-post","status-publish","format-standard","hentry"],"_links":{"self":[{"href":"https:\/\/www.francois-roddier.fr\/index.php?rest_route=\/wp\/v2\/posts\/229","targetHints":{"allow":["GET"]}}],"collection":[{"href":"https:\/\/www.francois-roddier.fr\/index.php?rest_route=\/wp\/v2\/posts"}],"about":[{"href":"https:\/\/www.francois-roddier.fr\/index.php?rest_route=\/wp\/v2\/types\/post"}],"author":[{"embeddable":true,"href":"https:\/\/www.francois-roddier.fr\/index.php?rest_route=\/wp\/v2\/users\/1"}],"replies":[{"embeddable":true,"href":"https:\/\/www.francois-roddier.fr\/index.php?rest_route=%2Fwp%2Fv2%2Fcomments&post=229"}],"version-history":[{"count":1,"href":"https:\/\/www.francois-roddier.fr\/index.php?rest_route=\/wp\/v2\/posts\/229\/revisions"}],"predecessor-version":[{"id":230,"href":"https:\/\/www.francois-roddier.fr\/index.php?rest_route=\/wp\/v2\/posts\/229\/revisions\/230"}],"wp:attachment":[{"href":"https:\/\/www.francois-roddier.fr\/index.php?rest_route=%2Fwp%2Fv2%2Fmedia&parent=229"}],"wp:term":[{"taxonomy":"category","embeddable":true,"href":"https:\/\/www.francois-roddier.fr\/index.php?rest_route=%2Fwp%2Fv2%2Fcategories&post=229"},{"taxonomy":"post_tag","embeddable":true,"href":"https:\/\/www.francois-roddier.fr\/index.php?rest_route=%2Fwp%2Fv2%2Ftags&post=229"}],"curies":[{"name":"wp","href":"https:\/\/api.w.org\/{rel}","templated":true}]}}