{"id":45,"date":"2014-05-23T18:40:31","date_gmt":"2014-05-23T17:40:31","guid":{"rendered":"http:\/\/www.francois-roddier.fr\/wordpress\/?p=45"},"modified":"2014-06-05T18:59:40","modified_gmt":"2014-06-05T17:59:40","slug":"66-le-processus-de-restructuration","status":"publish","type":"post","link":"https:\/\/www.francois-roddier.fr\/?p=45","title":{"rendered":"66 &#8211; Le processus de restructuration"},"content":{"rendered":"<p>On assiste aujourd\u2019hui au d\u00e9veloppement embryonnaire d\u2019une nouvelle esp\u00e8ce culturelle. Ses repr\u00e9sentants s\u2019assemblent p\u00e9riodiquement dans des endroits isol\u00e9s de la campagne fran\u00e7aise. Dans le Var, o\u00f9 j\u2019habite, ils se r\u00e9unissent \u00e0 Correns, sorte de village d\u2019Ast\u00e9rix connu pour sa r\u00e9sistance au lib\u00e9ralisme. L\u00e0, ils mettent leur exp\u00e9rience en commun. La plupart d\u2019entre eux ont \u00e9quip\u00e9 leurs demeures de panneaux solaires avec lesquels ils g\u00e9n\u00e8rent de l\u2019\u00e9lectricit\u00e9. Il la partagent avec leurs cong\u00e9n\u00e8res gr\u00e2ce \u00e0 une coop\u00e9rative, <a href=\"http:\/\/www.enercoop.fr\/\"> \u00c9nergcoop <\/a>. Tous ont plac\u00e9 leurs \u00e9conomies \u00e0 la <a href=\"http:\/\/www.lanef.com\/\"> Nef <\/a>. Beaucoup ont sur eux un carnet d\u2019\u00e9change. Ils y notent les services \u00e9chang\u00e9s avec d\u2019autres de la m\u00eame esp\u00e8ce culturelle. Ils pr\u00e9f\u00e8rent cela \u00e0 la monnaie officielle libell\u00e9e en Euros. Cela leur permet d\u2019aider ceux qui n\u2019en ont pas. Les \u00e9conomistes appellent cela une monnaie compl\u00e9mentaire.<\/p>\n<p>Dans mon livre (1), je montre de fa\u00e7on d\u00e9taill\u00e9e l\u2019analogie qu\u2019il y a entre les g\u00e8nes et la culture (2). De m\u00eame que les esp\u00e8ces animales se distinguent par leur nourriture, les esp\u00e8ces culturelles se distinguent par leur source d\u2019\u00e9nergie. Les uns utilisent des \u00e9nergies fossiles, tandis que les autres utilisent des \u00e9nergies renouvelables. Pour assimiler des nourritures diff\u00e9rentes il faut des enzymes diff\u00e9rents. L\u2019analogue des enzymes est la monnaie (2). Les premiers utilisent l\u2019euro tandis que les seconds cr\u00e9ent leur propre monnaie.<\/p>\n<p>Il est tentant de comparer la culture lib\u00e9rale dominante \u00e0 des esp\u00e8ces de dinosaures. \u00c0 la m\u00eame \u00e9poque vivaient de petits mammif\u00e8res. La vie \u00e9tait pour eux difficile. Pour \u00e9chapper aux dinosaures ils sortaient la nuit. Lorsque les dinosaures se sont \u00e9teints, les petits mammif\u00e8res se sont multipli\u00e9s. Ils ont ensuite \u00e9volu\u00e9 pour donner naissance \u00e0 notre propre esp\u00e8ce. L\u2019esp\u00e8ce culturelle dont j\u2019ai observ\u00e9 les \u00e9chantillons dans le Haut Var est-elle en train de jouer un r\u00f4le \u00e9quivalent \u00e0 celui des petits mammif\u00e8res? Va-t\u2019elle remplacer le lib\u00e9ralisme lorsque celui-ci s\u2019effondrera? La biologie nous apprend comment les esp\u00e8ces animales s\u2019\u00e9teignent pour laisser la place \u00e0 d\u2019autres. On peut s\u2019en inspirer pour d\u00e9crire la fin du lib\u00e9ralisme.<\/p>\n<p>\u00c0 la veille des \u00e9lections europ\u00e9ennes, les programmes des candidats sont r\u00e9v\u00e9lateurs d\u2019un m\u00e9contentement g\u00e9n\u00e9ral. Presque tous proposent de \u00ab\u00a0changer d\u2019Europe\u00a0\u00bb. J\u2019esp\u00e8re avoir, dans mon livre, clairement montr\u00e9 que la situation ne va pas s\u2019am\u00e9liorer (3). J\u2019y explique pourquoi, la situation devenant catastrophique, un \u00c9tat va t\u00f4t ou tard d\u00e9cider de sortir de l\u2019Union en entra\u00eenant vraisemblablement d\u2019autres (4). Pour la premi\u00e8re fois, un parti politique propose effectivement cette solution aux fran\u00e7ais (5). Supposons que, dans quelques d\u2019ann\u00e9es, cela se fasse effectivement. Que va-t-il alors se passer?<\/p>\n<p>Le nouveau gouvernement r\u00e9tablit le franc, tout en gardant l\u2019euro pour les \u00e9changes internationaux. On assiste alors \u00e0 une double \u00e9conomie, l\u2019une en euros l\u2019autre en francs. L\u2019\u00e9conomie en francs est en partie renationalis\u00e9e cr\u00e9ant d\u2019un seul coup de l\u2019emploi. Alors que l\u2019activit\u00e9 reprend en France, le prix du p\u00e9trole continue \u00e0 cro\u00eetre engendrant une baisse du commerce international. L\u2019\u00e9conomie en euro est en chute libre. C\u2019est l\u2019effondrement du lib\u00e9ralisme et le retour \u00e0 une \u00e9conomie semi-dirig\u00e9e. Pour certains, disons les plus riches, c\u2019est une catastrophe. Pour les autres, disons nos amis de Correns, une nouvelle vie commence.<\/p>\n<p>(1) F. Roddier. Thermodynamique de l\u2019\u00e9volution, Parole \u00e9d. (2012)<br \/>\n(2) Idem, section 13.2.<br \/>\n(3) Idem, chapitre 16.<br \/>\n(4) Idem, section 16.1.3.<br \/>\n(5) Il s\u2019agit de l\u2019Union Populaire R\u00e9publicaine (UPR).<\/p>\n","protected":false},"excerpt":{"rendered":"<p>On assiste aujourd\u2019hui au d\u00e9veloppement embryonnaire d\u2019une nouvelle esp\u00e8ce culturelle. Ses repr\u00e9sentants s\u2019assemblent p\u00e9riodiquement dans des endroits isol\u00e9s de la campagne fran\u00e7aise. Dans le Var, o\u00f9 j\u2019habite, ils se r\u00e9unissent \u00e0 Correns, sorte de village d\u2019Ast\u00e9rix connu pour sa r\u00e9sistance au lib\u00e9ralisme. L\u00e0, ils mettent leur exp\u00e9rience en commun. La plupart d\u2019entre eux ont \u00e9quip\u00e9 &hellip; <a href=\"https:\/\/www.francois-roddier.fr\/?p=45\" class=\"more-link\">Continuer la lecture de <span class=\"screen-reader-text\">66 &#8211; Le processus de restructuration<\/span> <span class=\"meta-nav\">&rarr;<\/span><\/a><\/p>\n","protected":false},"author":1,"featured_media":0,"comment_status":"open","ping_status":"open","sticky":false,"template":"","format":"standard","meta":{"footnotes":""},"categories":[],"tags":[],"class_list":["post-45","post","type-post","status-publish","format-standard","hentry"],"_links":{"self":[{"href":"https:\/\/www.francois-roddier.fr\/index.php?rest_route=\/wp\/v2\/posts\/45","targetHints":{"allow":["GET"]}}],"collection":[{"href":"https:\/\/www.francois-roddier.fr\/index.php?rest_route=\/wp\/v2\/posts"}],"about":[{"href":"https:\/\/www.francois-roddier.fr\/index.php?rest_route=\/wp\/v2\/types\/post"}],"author":[{"embeddable":true,"href":"https:\/\/www.francois-roddier.fr\/index.php?rest_route=\/wp\/v2\/users\/1"}],"replies":[{"embeddable":true,"href":"https:\/\/www.francois-roddier.fr\/index.php?rest_route=%2Fwp%2Fv2%2Fcomments&post=45"}],"version-history":[{"count":1,"href":"https:\/\/www.francois-roddier.fr\/index.php?rest_route=\/wp\/v2\/posts\/45\/revisions"}],"predecessor-version":[{"id":46,"href":"https:\/\/www.francois-roddier.fr\/index.php?rest_route=\/wp\/v2\/posts\/45\/revisions\/46"}],"wp:attachment":[{"href":"https:\/\/www.francois-roddier.fr\/index.php?rest_route=%2Fwp%2Fv2%2Fmedia&parent=45"}],"wp:term":[{"taxonomy":"category","embeddable":true,"href":"https:\/\/www.francois-roddier.fr\/index.php?rest_route=%2Fwp%2Fv2%2Fcategories&post=45"},{"taxonomy":"post_tag","embeddable":true,"href":"https:\/\/www.francois-roddier.fr\/index.php?rest_route=%2Fwp%2Fv2%2Ftags&post=45"}],"curies":[{"name":"wp","href":"https:\/\/api.w.org\/{rel}","templated":true}]}}