{"id":886,"date":"2018-12-27T19:53:59","date_gmt":"2018-12-27T18:53:59","guid":{"rendered":"http:\/\/www.francois-roddier.fr\/?p=886"},"modified":"2018-12-27T19:53:59","modified_gmt":"2018-12-27T18:53:59","slug":"132-comment-les-societes-seffondrent","status":"publish","type":"post","link":"https:\/\/www.francois-roddier.fr\/?p=886","title":{"rendered":"132 &#8211; Comment les soci\u00e9t\u00e9s s\u2019effondrent."},"content":{"rendered":"<p>On voit aujourd\u2019hui para\u00eetre un nombre croissant de publications sur l\u2019effondrement des soci\u00e9t\u00e9s humaines. L\u2019id\u00e9e que nos soci\u00e9t\u00e9s dites \u00ab\u00a0avanc\u00e9es\u00a0\u00bb pourraient s\u2019effondrer prend de plus en plus corps, mais les opinions sur la fa\u00e7on dont cela pourrait arriver diff\u00e8rent.<\/p>\n<p>Un premier sujet de pr\u00e9occupation est la diminution de nos r\u00e9serves connues de p\u00e9trole. La majorit\u00e9 des travailleurs ne peuvent pas se rendre \u00e0 leur travail sans prendre leur voiture personnelle et l\u2019essence leur co\u00fbte de plus en plus cher. Une solution serait de d\u00e9velopper les transports en commun. Certains, peu nombreux, osent parler de d\u00e9croissance \u00e9conomique, mais nos gouvernements ne parlent que de comp\u00e9tition libre et non fauss\u00e9e. Autrement dit, le premier qui ralentit se fait doubler par les autres.<\/p>\n<p>Un deuxi\u00e8me sujet de pr\u00e9occupation est le r\u00e9chauffement climatique. Chaque ann\u00e9e des sp\u00e9cialistes internationaux se r\u00e9unissent sous forme d\u2019une COP (Conf\u00e9rence des parties) pour discuter des mesures \u00e0 prendre. Mais celles-ci sont rarement suivies d\u2019effet. Il est clair aussi que tous les pays ne seront pas \u00e9galement affect\u00e9s. Diminuer notre usage du p\u00e9trole serait la premi\u00e8re mesure \u00e0 prendre, mais nous venons de voir ce qu\u2019il en est.<\/p>\n<p>De fa\u00e7on g\u00e9n\u00e9rale, l\u2019homme prend de plus en plus conscience de la n\u00e9cessit\u00e9 de pr\u00e9server son environnement. Celui-ci comprend l\u2019ensemble des esp\u00e8ces animales et v\u00e9g\u00e9tales qu\u2019on d\u00e9signe sous le terme de biodiversit\u00e9. Parmi ces esp\u00e8ces, certaines ont permis \u00e0 l\u2019homme de survivre, gr\u00e2ce \u00e0 l\u2019\u00e9levage. Celui-ci s\u2019\u00e9tend aujourd\u2019hui aux esp\u00e8ces marines. Pendant ce temps, la population du globe continue \u00e0 cro\u00eetre all\u00e8grement. Jusqu\u2019\u00e0 quand arriverons-nous \u00e0 nourrir (presque) tout le monde?<\/p>\n<p>Une fa\u00e7on d\u2019appr\u00e9hender l\u2019effondrement d\u2019une soci\u00e9t\u00e9 est de consid\u00e9rer cette derni\u00e8re comme une esp\u00e8ce culturelle et de comparer son m\u00e9canisme d\u2019effondrement \u00e0 celui d\u2019une esp\u00e8ce g\u00e9n\u00e9tique. Un exemple qui vient imm\u00e9diatement \u00e0 l\u2019esprit est celui des dinosaures. Il y a environ 65 millions d\u2019ann\u00e9es, ceux-ci repr\u00e9sentaient un ensemble d\u2019esp\u00e8ces g\u00e9n\u00e9tiques capables de dissiper beaucoup d\u2019\u00e9nergie. On sait aujourd\u2019hui que la chute d\u2019un m\u00e9t\u00e9ore a profond\u00e9ment modifi\u00e9 le climat, plongeant pendant un an la terre dans une nuit sombre. Efficientes mais peu r\u00e9silientes, les esp\u00e8ces de dinosaures ont en majorit\u00e9 disparu, laissant la place aux petits mammif\u00e8res.<\/p>\n<p>Comme les soci\u00e9t\u00e9s humaines d\u2019aujourd\u2019hui, les dinosaures ont \u00e9t\u00e9 affect\u00e9s par un changement brutal de climat et de sources de nourriture (\u00e9nergie et biodiversit\u00e9). Ils ont disparu parce que leurs g\u00e8nes n\u2019\u00e9taient pas adapt\u00e9s \u00e0 un tel changement. On en conclut que, tr\u00e8s dissipatives d\u2019\u00e9nergie comme l\u2019\u00e9taient les dinosaures, les soci\u00e9t\u00e9s avanc\u00e9es d\u2019aujourd\u2019hui sont vou\u00e9es \u00e0 dispara\u00eetre parce leur culture n\u2019est pas adapt\u00e9e \u00e0 un tel changement. Autrement dit, l\u2019effondrement des civilisations n\u2019est pas un ph\u00e9nom\u00e8ne physique mais un ph\u00e9nom\u00e8ne culturel. Nos soci\u00e9t\u00e9s actuelles sont incapables d\u2019appr\u00e9hender la situation d\u2019aujourd\u2019hui parce que leur culture ne leur permet pas.<\/p>\n<p>S\u2019en sortiront ceux qui ont la chance d\u2019avoir un emploi pr\u00e8s de chez eux, mais aussi adoptent un comportement appropri\u00e9: ceux qui \u00e9vitent les grandes surfaces pour aller chez les petits commer\u00e7ants locaux (lorsque ceux-ci existent encore), ceux qui ach\u00e8tent leur nourriture aux paysans de l\u2019endroit (\u00e9ventuellement cotisent \u00e0 une AMAP) ou fr\u00e9quentent les march\u00e9s paysans. S\u2019en sortiront aussi ceux qui commandent leurs livres \u00e0 l\u2019\u00e9diteur plut\u00f4t qu\u2019en amazonie\u2026 En favorisant l\u2019\u00e9conomie locale, ils diminuent le r\u00f4le des transports, pr\u00e9servent le p\u00e9trole, ralentissent le r\u00e9chauffement climatique et gagnent un temps pr\u00e9cieux permettant \u00e0 tous de s\u2019adapter aux situations nouvelles. Certains commencent \u00e0 le r\u00e9aliser. Un ph\u00e9nom\u00e8ne nouveau appara\u00eet: la cr\u00e9ation de monnaies locales: elles favorisent le d\u00e9veloppement des \u00e9conomies locales.<\/p>\n<p>Il existe aussi un interm\u00e9diaire entre une \u00e9conomie mondialis\u00e9e et une \u00e9conomie locale: une \u00e9conomie nationale. Les \u00e9conomies locales se d\u00e9veloppent lorsque les \u00e9conomies nationales d\u00e9p\u00e9rissent face aux multinationales, comme la v\u00e9g\u00e9tation basse se d\u00e9veloppe en l\u2019absence de plantes de taille moyenne. On sait que t\u00f4t ou tard, ces derni\u00e8res reprennent de la vigueur. Il en est de m\u00eame des ph\u00e9nom\u00e8nes culturels. On le voit aujourd\u2019hui avec l\u2019apparition de mouvements d\u2019ampleur nationale. On peut donc esp\u00e9rer voir un jour le retour d\u2019une \u00e9conomie nationale.<\/p>\n","protected":false},"excerpt":{"rendered":"<p>On voit aujourd\u2019hui para\u00eetre un nombre croissant de publications sur l\u2019effondrement des soci\u00e9t\u00e9s humaines. L\u2019id\u00e9e que nos soci\u00e9t\u00e9s dites \u00ab\u00a0avanc\u00e9es\u00a0\u00bb pourraient s\u2019effondrer prend de plus en plus corps, mais les opinions sur la fa\u00e7on dont cela pourrait arriver diff\u00e8rent. Un premier sujet de pr\u00e9occupation est la diminution de nos r\u00e9serves connues de p\u00e9trole. La majorit\u00e9 &hellip; <a href=\"https:\/\/www.francois-roddier.fr\/?p=886\" class=\"more-link\">Continuer la lecture de <span class=\"screen-reader-text\">132 &#8211; Comment les soci\u00e9t\u00e9s s\u2019effondrent.<\/span> <span class=\"meta-nav\">&rarr;<\/span><\/a><\/p>\n","protected":false},"author":664,"featured_media":0,"comment_status":"open","ping_status":"open","sticky":false,"template":"","format":"standard","meta":{"footnotes":""},"categories":[],"tags":[],"class_list":["post-886","post","type-post","status-publish","format-standard","hentry"],"_links":{"self":[{"href":"https:\/\/www.francois-roddier.fr\/index.php?rest_route=\/wp\/v2\/posts\/886","targetHints":{"allow":["GET"]}}],"collection":[{"href":"https:\/\/www.francois-roddier.fr\/index.php?rest_route=\/wp\/v2\/posts"}],"about":[{"href":"https:\/\/www.francois-roddier.fr\/index.php?rest_route=\/wp\/v2\/types\/post"}],"author":[{"embeddable":true,"href":"https:\/\/www.francois-roddier.fr\/index.php?rest_route=\/wp\/v2\/users\/664"}],"replies":[{"embeddable":true,"href":"https:\/\/www.francois-roddier.fr\/index.php?rest_route=%2Fwp%2Fv2%2Fcomments&post=886"}],"version-history":[{"count":2,"href":"https:\/\/www.francois-roddier.fr\/index.php?rest_route=\/wp\/v2\/posts\/886\/revisions"}],"predecessor-version":[{"id":888,"href":"https:\/\/www.francois-roddier.fr\/index.php?rest_route=\/wp\/v2\/posts\/886\/revisions\/888"}],"wp:attachment":[{"href":"https:\/\/www.francois-roddier.fr\/index.php?rest_route=%2Fwp%2Fv2%2Fmedia&parent=886"}],"wp:term":[{"taxonomy":"category","embeddable":true,"href":"https:\/\/www.francois-roddier.fr\/index.php?rest_route=%2Fwp%2Fv2%2Fcategories&post=886"},{"taxonomy":"post_tag","embeddable":true,"href":"https:\/\/www.francois-roddier.fr\/index.php?rest_route=%2Fwp%2Fv2%2Ftags&post=886"}],"curies":[{"name":"wp","href":"https:\/\/api.w.org\/{rel}","templated":true}]}}