{"id":910,"date":"2019-02-12T22:13:59","date_gmt":"2019-02-12T21:13:59","guid":{"rendered":"http:\/\/www.francois-roddier.fr\/?p=910"},"modified":"2024-03-31T14:24:06","modified_gmt":"2024-03-31T13:24:06","slug":"136-peut-on-predire-lavenir","status":"publish","type":"post","link":"https:\/\/www.francois-roddier.fr\/?p=910","title":{"rendered":"136 &#8211; Peut-on pr\u00e9dire l\u2019avenir?"},"content":{"rendered":"<p>C\u2019est le titre de la premi\u00e8re section du chapitre 15 de mon livre sur la thermodynamique de l\u2019\u00e9volution. J\u2019ai donc d\u00e9j\u00e0 donn\u00e9 ma r\u00e9ponse \u00e0 cette question: on peut pr\u00e9dire un temps propice aux avalanches, mais pas une avalanche particuli\u00e8re. De m\u00eame, on peut pr\u00e9dire une \u00e9poque propice aux crises, mais pas une crise particuli\u00e8re.<\/p>\n<p>Notre compr\u00e9hension de la dynamique de l\u2019atmosph\u00e8re terrestre, notamment celle des cyclones et des anticyclones, nous permet de faire des pr\u00e9visions m\u00e9t\u00e9orologiques r\u00e9alistes, au moins \u00e0 court terme. De m\u00eame, notre compr\u00e9hension nouvelle des cycles \u00e9conomiques, \u00e0 travers des recherches comme celles de Gerhard Mensch (billet 109), ou celle des cycles historiques, gr\u00e2ce aux travaux de Turchin et Nefedov (billet 90), devrait nous permettre de pr\u00e9voir l\u2019\u00e9volution des soci\u00e9t\u00e9s humaines \u00e0 l\u2019\u00e9chelle de quelques dizaines d\u2019ann\u00e9es. Toute science progresse en faisant des pr\u00e9dictions qui sont ensuite v\u00e9rifi\u00e9es ou non par l\u2019exp\u00e9rience. Dans le cas d\u2019une soci\u00e9t\u00e9 humaine, la v\u00e9rification des pr\u00e9dictions demandera du temps, mais cela ne doit pas nous emp\u00eacher de les faire aujourd\u2019hui, laissant aux jeunes g\u00e9n\u00e9rations le soin de les v\u00e9rifier ensuite.<\/p>\n<p>Si les pr\u00e9visions qui suivent s\u2019av\u00e8rent justes, cette vision s\u2019en trouvera confort\u00e9e et pourra servir de base \u00e0 une meilleure compr\u00e9hension des soci\u00e9t\u00e9s humaines. Il s\u2019agit bien s\u00fbr de pr\u00e9visions statistiques. Je parlerai de probabilit\u00e9 de crise comme on parle de probabilit\u00e9 de pluie ou de beau temps. Dans tous les cas, il est utile de faire des pr\u00e9visions. Celles-ci concernent les pays occidentaux et plus particuli\u00e8rement la France, sachant que son \u00e9volution est intimement li\u00e9e \u00e0 celle de ses pays voisins.<\/p>\n<p>Il faut tout d\u2019abord bien comprendre qu\u2019une soci\u00e9t\u00e9 n\u2019a pas de p\u00e9riode propre. Elle d\u00e9crit des cycles de Carnot semblables \u00e0 ceux d\u2019une machine thermique. Plus elle dissipe d\u2019\u00e9nergie, plus la machine tourne vite. Ceux de mes lecteurs qui ont un compte-tour sur leur voiture savent que plus ils appuient sur l\u2019acc\u00e9l\u00e9rateur plus leur moteur tourne vite. Il en est de m\u00eame des soci\u00e9t\u00e9s humaines. Plus elles dissipent de l\u2019\u00e9nergie plus les cycles qu\u2019elles d\u00e9crivent sont courts. Turchin et N\u00e9f\u00e9dov donnent des exemples de cycles historiques d\u2019une dur\u00e9e de plusieurs si\u00e8cles. Pour l\u2019historien Giovanni Arrighi (3), nos soci\u00e9t\u00e9s actuelles d\u00e9crivent des \u00ab\u00a0longs si\u00e8cles\u00a0\u00bb d\u2019\u00e0 peine plus de cent ans. Cela montre que nous dissipons plus d\u2019\u00e9nergie qu\u2019autrefois. Cela semble clair si l\u2019on songe \u00e0 l\u2019usage croissant que nous avons fait de la houille puis du p\u00e9trole.<\/p>\n<p>La figure de Thomas Piketty reproduite sur mon billet 118 montre que les \u00e9conomies europ\u00e9ennes se sont effondr\u00e9es en 1910. Il s\u2019en est suivI la premi\u00e8re guerre mondiale. Il est donc naturel de faire commencer un nouveau cycle en 1918. On peut le d\u00e9composer en 4 phases de 30 ans chacune. Selon la nomenclature de Turchin et N\u00e9f\u00e9dof, la premi\u00e8re phase, dite de d\u00e9pression irait de 1918 \u00e0 1948. Elle comprend la grande d\u00e9pression de 1929. Connue sous le nom de 30 glorieuses, la phase d\u2019expansion irait de 1948 \u00e0 1978. Vient ensuite la phase de stagflation, marqu\u00e9e par la venue au pouvoir de Ronald Reagan aux U.S.A. et de Margaret Thatcher en Angleterre. Cette phase s\u2019\u00e9tend de 1978 \u00e0 2008. La crise bancaire de 2008 marquerait le d\u00e9but de la phase de crise.<\/p>\n<p>Comme pour les trois premi\u00e8res phases, on s\u2019attend \u00e0 ce que la phase de crise dure 30 ans. Elle irait donc de 2008 \u00e0 2038. Vers le milieu de cette phase, on peut s\u2019attendre \u00e0 un effondrement \u00e9conomique important. L\u2019italien Ugo Bardi le qualifie de falaise de S\u00e9n\u00e8que. Centr\u00e9 sur l\u2019ann\u00e9e 2023, cet effondrement pourrait avoir lieu vers la fin du mandat pr\u00e9sidentiel fran\u00e7ais actuel. Il nous faudra toutefois attendre l\u2019ann\u00e9e 2038 pour voir arriver la fin des crises.<\/p>\n<p>Reproduite de nouveau ici, la figure du billet 117 nous permet d\u2019apporter des pr\u00e9cisions suppl\u00e9mentaires. Une phase de crise part d\u2019une soci\u00e9t\u00e9 in\u00e9galitaire en phase de stagflation (haut de la figure). Les gouvernements essayent de maintenir la production mais les divergences d\u2019opinion s\u2019affrontent. Les seuils \u00e9lev\u00e9s\u00a0des connexions du r\u00e9seau neuronal rendent difficile tout accord de sorte que les gouvernements deviennent de plus en plus autoritaires (cot\u00e9 droit de la figure). Il s\u2019en suit de nombreux conflits (crises).<\/p>\n<p>Comme nous l\u2019avons vu, on s\u2019attend \u00e0 ce que la production \u00e9conomique s\u2019effondre vers la fin du mandat pr\u00e9sidentiel actuel: c\u2019est la chute du haut de la falaise de S\u00e9n\u00e8que. Un effondrement de la production implique une r\u00e9gression: on observera alors un retour \u00e0 des pratiques plus traditionnelles (voir en bas et \u00e0 droite de la figure). Dans un monde domin\u00e9 par la comp\u00e9tition, chacun red\u00e9couvrira les m\u00e9rites de la coop\u00e9ration. Les seuils \u00e9lev\u00e9s des connections du r\u00e9seau neuronal font qu\u2019une coop\u00e9ration restera difficile \u00e0 \u00e9tablir, mais lorsque celle-ci s\u2019\u00e9tablira, elle persistera. Peu \u00e0 peu l\u2019intensit\u00e9 des connections du r\u00e9seau augmentera (bas de la figure), mais les seuils \u00e9lev\u00e9s des connections emp\u00eacheront toujours le r\u00e9seau de \u00ab\u00a0percoler\u00a0\u00bb. L\u2019\u00e9conomie restera en panne.<\/p>\n<p>Ce n\u2019est que dans la phase suivante, dite phase de d\u00e9pression, que les seuils commenceront \u00e0 baisser, permettant \u00e0 l\u2019\u00e9conomie de reprendre. La soci\u00e9t\u00e9 redeviendra alors plus \u00e9galitaire, mais cela ne se produira pas avant 2038. Je ne serai plus l\u00e0 pour le voir, mais la plupart de mes lecteurs, actifs aujourd\u2019hui, pourront le v\u00e9rifier. Si ma description correspond \u00e0 ce qu\u2019ils observent, alors la vision th\u00e9orique pr\u00e9sent\u00e9e ici en sortira confort\u00e9e et un pas important sera franchi dans notre compr\u00e9hension de l\u2019\u00e9volution de nos soci\u00e9t\u00e9s.<\/p>\n<p><a href=\"http:\/\/www.francois-roddier.fr\/wp-content\/uploads\/2018\/01\/fig117.jpg\"><img loading=\"lazy\" decoding=\"async\" src=\"http:\/\/www.francois-roddier.fr\/wp-content\/uploads\/2018\/01\/fig117.jpg\" alt=\"\" width=\"952\" height=\"952\" class=\"aligncenter size-full wp-image-767\" srcset=\"https:\/\/www.francois-roddier.fr\/wp-content\/uploads\/2018\/01\/fig117.jpg 952w, https:\/\/www.francois-roddier.fr\/wp-content\/uploads\/2018\/01\/fig117-150x150.jpg 150w, https:\/\/www.francois-roddier.fr\/wp-content\/uploads\/2018\/01\/fig117-300x300.jpg 300w, https:\/\/www.francois-roddier.fr\/wp-content\/uploads\/2018\/01\/fig117-768x768.jpg 768w\" sizes=\"auto, (max-width: 952px) 100vw, 952px\" \/><\/a><\/p>\n","protected":false},"excerpt":{"rendered":"<p>C\u2019est le titre de la premi\u00e8re section du chapitre 15 de mon livre sur la thermodynamique de l\u2019\u00e9volution. J\u2019ai donc d\u00e9j\u00e0 donn\u00e9 ma r\u00e9ponse \u00e0 cette question: on peut pr\u00e9dire un temps propice aux avalanches, mais pas une avalanche particuli\u00e8re. De m\u00eame, on peut pr\u00e9dire une \u00e9poque propice aux crises, mais pas une crise particuli\u00e8re. &hellip; <a href=\"https:\/\/www.francois-roddier.fr\/?p=910\" class=\"more-link\">Continuer la lecture de <span class=\"screen-reader-text\">136 &#8211; Peut-on pr\u00e9dire l\u2019avenir?<\/span> <span class=\"meta-nav\">&rarr;<\/span><\/a><\/p>\n","protected":false},"author":664,"featured_media":0,"comment_status":"closed","ping_status":"closed","sticky":false,"template":"","format":"standard","meta":{"footnotes":""},"categories":[1],"tags":[],"class_list":["post-910","post","type-post","status-publish","format-standard","hentry","category-non-classe"],"_links":{"self":[{"href":"https:\/\/www.francois-roddier.fr\/index.php?rest_route=\/wp\/v2\/posts\/910","targetHints":{"allow":["GET"]}}],"collection":[{"href":"https:\/\/www.francois-roddier.fr\/index.php?rest_route=\/wp\/v2\/posts"}],"about":[{"href":"https:\/\/www.francois-roddier.fr\/index.php?rest_route=\/wp\/v2\/types\/post"}],"author":[{"embeddable":true,"href":"https:\/\/www.francois-roddier.fr\/index.php?rest_route=\/wp\/v2\/users\/664"}],"replies":[{"embeddable":true,"href":"https:\/\/www.francois-roddier.fr\/index.php?rest_route=%2Fwp%2Fv2%2Fcomments&post=910"}],"version-history":[{"count":1,"href":"https:\/\/www.francois-roddier.fr\/index.php?rest_route=\/wp\/v2\/posts\/910\/revisions"}],"predecessor-version":[{"id":911,"href":"https:\/\/www.francois-roddier.fr\/index.php?rest_route=\/wp\/v2\/posts\/910\/revisions\/911"}],"wp:attachment":[{"href":"https:\/\/www.francois-roddier.fr\/index.php?rest_route=%2Fwp%2Fv2%2Fmedia&parent=910"}],"wp:term":[{"taxonomy":"category","embeddable":true,"href":"https:\/\/www.francois-roddier.fr\/index.php?rest_route=%2Fwp%2Fv2%2Fcategories&post=910"},{"taxonomy":"post_tag","embeddable":true,"href":"https:\/\/www.francois-roddier.fr\/index.php?rest_route=%2Fwp%2Fv2%2Ftags&post=910"}],"curies":[{"name":"wp","href":"https:\/\/api.w.org\/{rel}","templated":true}]}}