{"id":960,"date":"2019-09-30T15:49:11","date_gmt":"2019-09-30T14:49:11","guid":{"rendered":"http:\/\/www.francois-roddier.fr\/?p=960"},"modified":"2024-03-31T14:21:25","modified_gmt":"2024-03-31T13:21:25","slug":"premiers-souvenirs-denfance","status":"publish","type":"post","link":"https:\/\/www.francois-roddier.fr\/?p=960","title":{"rendered":"Premiers souvenirs d\u2019enfance."},"content":{"rendered":"<p>On admet en g\u00e9n\u00e9ral que les premiers souvenirs de sa propre enfance datent de l\u2019\u00e2ge de 4 ans. Les miens datent de juin 1940.<br \/>\nJ\u2019avais 3 ans et 9 mois. Les circonstances \u00e9taient assez particuli\u00e8res puisque les allemands envahissaient la France.<\/p>\n<p>D\u00e8s l\u2019automne 1939 mon p\u00e8re avait \u00e9t\u00e9 mobilis\u00e9. En mai 1940 les Allemands envahissent la France. Ma m\u00e8re a fui Paris en voiture avec moi filant droit sud. C\u2019\u00e9tait l\u2019exode. Arriv\u00e9e dans la Creuse, elle abandonne la voiture et se r\u00e9fugie aupr\u00e8s de la population. Situ\u00e9 pr\u00e8s de Gu\u00e9ret, le village s\u2019appelle Dun le Palestel. On disait \u00e0 l\u2019\u00e9poque \u00ab Dun le Paleteau \u00bb.<\/p>\n<p>D\u00e9mobilis\u00e9, mon p\u00e8re nous y rejoint un peu plus tard. Au mois de juin 1940, les Allemands arrivent \u00e0 Gu\u00e9ret. Pr\u00e9voyant des combats pendant la nuit, mon p\u00e8re emm\u00e8ne toute la famille dormir dans un pr\u00e9, sous une haie. C\u2019est, je pense, le premier souvenir bien conscient de mon enfance. Je d\u00e9couvre le ciel nocturne et la voie lact\u00e9e d\u2019o\u00f9, sans doute, mon int\u00e9r\u00eat ensuite pour l\u2019astronomie. \u00c0 l\u2019aube, nous retournons \u00e0 la maison. Je me souviens encore l\u2019avoir trouv\u00e9e les vitres bris\u00e9es.<\/p>\n<p>\u00c0 la mi-juin, toute la France est occup\u00e9e. Le 18, De Gaule lance son fameux appel. Le 22 Juin, c\u2019est l\u2019armistice mais nous restons dans la Creuse, car nous sommes en zone Sud. Nous y resterons encore plusieurs mois jusqu\u2019\u00e0 ce que, enseignants, mes parents soient affect\u00e9s \u00e0 Beauvais, dans la zone nord.<\/p>\n","protected":false},"excerpt":{"rendered":"<p>On admet en g\u00e9n\u00e9ral que les premiers souvenirs de sa propre enfance datent de l\u2019\u00e2ge de 4 ans. Les miens datent de juin 1940. J\u2019avais 3 ans et 9 mois. Les circonstances \u00e9taient assez particuli\u00e8res puisque les allemands envahissaient la France. D\u00e8s l\u2019automne 1939 mon p\u00e8re avait \u00e9t\u00e9 mobilis\u00e9. En mai 1940 les Allemands envahissent &hellip; <a href=\"https:\/\/www.francois-roddier.fr\/?p=960\" class=\"more-link\">Continuer la lecture de <span class=\"screen-reader-text\">Premiers souvenirs d\u2019enfance.<\/span> <span class=\"meta-nav\">&rarr;<\/span><\/a><\/p>\n","protected":false},"author":664,"featured_media":0,"comment_status":"closed","ping_status":"closed","sticky":false,"template":"","format":"standard","meta":{"footnotes":""},"categories":[1],"tags":[],"class_list":["post-960","post","type-post","status-publish","format-standard","hentry","category-non-classe"],"_links":{"self":[{"href":"https:\/\/www.francois-roddier.fr\/index.php?rest_route=\/wp\/v2\/posts\/960","targetHints":{"allow":["GET"]}}],"collection":[{"href":"https:\/\/www.francois-roddier.fr\/index.php?rest_route=\/wp\/v2\/posts"}],"about":[{"href":"https:\/\/www.francois-roddier.fr\/index.php?rest_route=\/wp\/v2\/types\/post"}],"author":[{"embeddable":true,"href":"https:\/\/www.francois-roddier.fr\/index.php?rest_route=\/wp\/v2\/users\/664"}],"replies":[{"embeddable":true,"href":"https:\/\/www.francois-roddier.fr\/index.php?rest_route=%2Fwp%2Fv2%2Fcomments&post=960"}],"version-history":[{"count":1,"href":"https:\/\/www.francois-roddier.fr\/index.php?rest_route=\/wp\/v2\/posts\/960\/revisions"}],"predecessor-version":[{"id":961,"href":"https:\/\/www.francois-roddier.fr\/index.php?rest_route=\/wp\/v2\/posts\/960\/revisions\/961"}],"wp:attachment":[{"href":"https:\/\/www.francois-roddier.fr\/index.php?rest_route=%2Fwp%2Fv2%2Fmedia&parent=960"}],"wp:term":[{"taxonomy":"category","embeddable":true,"href":"https:\/\/www.francois-roddier.fr\/index.php?rest_route=%2Fwp%2Fv2%2Fcategories&post=960"},{"taxonomy":"post_tag","embeddable":true,"href":"https:\/\/www.francois-roddier.fr\/index.php?rest_route=%2Fwp%2Fv2%2Ftags&post=960"}],"curies":[{"name":"wp","href":"https:\/\/api.w.org\/{rel}","templated":true}]}}